{"id":754,"date":"2020-07-09T11:04:12","date_gmt":"2020-07-09T11:04:12","guid":{"rendered":"https:\/\/www.wordans.es\/blog\/?p=151"},"modified":"2024-08-29T09:32:10","modified_gmt":"2024-08-29T09:32:10","slug":"tendencias-de-moda-de-verano","status":"publish","type":"post","link":"https:\/\/www.wordans.es\/pages\/tendencias-de-moda-de-verano\/","title":{"rendered":"Tendencias de moda de verano"},"content":{"rendered":"<p>El verano acaba de comenzar, est\u00e1n llegando los d\u00edas agradables y el calor comienza a sentirse, \u00a0as\u00ed que en esta ocasi\u00f3n, hemos decidido presentaros las \u00faltimas tendencias de la moda de verano.<\/p>\n<p>En <a href=\"http:\/\/www.wordans.es\">Wordans<\/a>, al igual que en Needen, siempre queremos ofrecer productos que est\u00e9n de acuerdo con la moda actual. Por lo tanto, podr\u00e1s encontrar en este art\u00edculo cu\u00e1les son los colores, productos y accesorios que no debe dejarse escapar este verano.<\/p>\n<p>&nbsp;<\/p>\n<h5 style=\"text-align: center\"><strong>Colores de moda de verano <\/strong><\/h5>\n<p><img fetchpriority=\"high\" decoding=\"async\" class=\"size-medium wp-image-152 alignright\" src=\"https:\/\/www.wordans.es\/blog\/wp-content\/uploads\/2020\/07\/crop-young-man-with-tattoos-lying-on-wooden-poolside-bench-4534208-300x195.jpg\" alt=\"\" width=\"300\" height=\"195\" \/><\/p>\n<p>El <a href=\"https:\/\/www.wordans.es\/products?q=white\">blanco<\/a> es el color definitivo de verano. Es un color atemporal que evita el calor y puede mejorar cualquier piel bronceada. En Wordans, casi todos nuestros productos est\u00e1n disponibles en blanco, ya que es uno de los colores m\u00e1s populares y b\u00e1sicos.<\/p>\n<p>Los productos blancos tambi\u00e9n ofrecen m\u00e1s opciones cuando se trata de personalizaci\u00f3n. La t\u00e9cnica de <a href=\"https:\/\/www.wordans.es\/products?q=sublimation\">sublimaci\u00f3n<\/a> es por ejemplo, muy recomendable para textiles blancos o de colores claros.<\/p>\n<p>&nbsp;<\/p>\n<p><img decoding=\"async\" class=\"size-medium wp-image-154 alignleft\" src=\"https:\/\/www.wordans.es\/blog\/wp-content\/uploads\/2020\/07\/IMG_9322-300x206.jpg\" alt=\"\" width=\"300\" height=\"206\" \/><\/p>\n<p>Adem\u00e1s del blanco, los colores pastel tambi\u00e9n est\u00e1n muy de moda durante la temporada de verano, ya que son m\u00e1s sutiles y f\u00e1ciles de usar que los colores llamativos. Se pueden encontrar en una amplia gama de productos, desde <a href=\"https:\/\/www.wordans.es\/blank-apparel-accessories-c37029\/t-shirts-s2729\">camisetas<\/a> hasta <a href=\"https:\/\/www.wordans.es\/blank-apparel-accessories-c37029\/bags-s2737\">bolsos<\/a> y <a href=\"https:\/\/www.wordans.es\/blank-apparel-accessories-c37029\/accessories-s3670\">accesorios<\/a>.<\/p>\n<p>&nbsp;<\/p>\n<p>&nbsp;<\/p>\n<p>Entre estos colores pastel, el m\u00e1s popular este verano es el rosa beb\u00e9. Este color muy suave es adecuado tanto para hombres como para mujeres y es muy f\u00e1cil de usar y personalizar. Este verano, este color de moda aparece en nuestro cat\u00e1logo de productos con las marcas <a href=\"https:\/\/www.wordans.es\/sol-s-b17768\">Sol&#8217;s<\/a>, <a href=\"https:\/\/www.wordans.es\/fruit-of-the-loom-b6348\">Fruit of the Loom<\/a> y <a href=\"https:\/\/www.wordans.es\/gildan-b34\">Gildan<\/a>.<\/p>\n<p>&nbsp;<\/p>\n<ul>\n<li>Sol&#8217;s ofrece un producto imprescindible con el <a href=\"https:\/\/www.wordans.es\/sol-s-72600-large-supple-420d-polyester-travel-bag-soho-67-40006\/c48231-creamy-pink\">bolso 72600<\/a> en color rosa beb\u00e9, un producto moderno y muy pr\u00e1ctico para llevar todos tus art\u00edculos contigo en tus vacaciones de verano.<\/li>\n<li>Con Fruit of the Loom, encontrar\u00e1s la imprescindible <a href=\"https:\/\/www.wordans.com\/fruit-of-the-loom-sc230-valueweight-t-61-036-0-54336\/c836-light-pink\">camiseta de manga corta SC230<\/a>, disponible en una amplia gama de tama\u00f1os y colores, y tambi\u00e9n para mujeres (<a href=\"https:\/\/www.wordans.es\/fruit-of-the-loom-sc600-lady-fit-valueweight-tee-54369\/c836-light-pink\">SC600<\/a>) y para ni\u00f1os (<a href=\"https:\/\/www.wordans.es\/fruit-of-the-loom-sc231-value-weight-kids-61-033-0-54339\/c836-light-pink\">SC231<\/a>).<\/li>\n<li>Y para las noches de verano m\u00e1s frescas, te encantar\u00e1 la sudadera con capucha B&amp;C <a href=\"https:\/\/www.wordans.es\/b-c-bcu03w-hoodie-466641\/c144-lavender\">BCU03W<\/a>, muy c\u00f3moda y disponible en varios colores de moda.<\/li>\n<\/ul>\n<p>&nbsp;<\/p>\n<p>Estos colores son muy populares, como lo comparten varios influencers a trav\u00e9s de <a href=\"https:\/\/www.instagram.com\/wordans_spain\/\">Instagram<\/a> y Tiktok.<\/p>\n<p>&nbsp;<\/p>\n<h5 style=\"text-align: center\"><strong>Productos imprescindibles para el verano<\/strong><\/h5>\n<p><img decoding=\"async\" class=\"size-medium wp-image-156 alignleft\" src=\"https:\/\/www.wordans.es\/blog\/wp-content\/uploads\/2020\/07\/IMG_9325-300x222.jpg\" alt=\"\" width=\"300\" height=\"222\" \/><\/p>\n<p>Para la temporada de verano, las camisetas y tops siguen siendo imprescindibles. Son la mejor ropa de verano, ya que son muy pr\u00e1cticos y es muy f\u00e1cil crear conjuntos con ellos.<\/p>\n<p>Ya sean en blanco o impresos, con colores sutiles o llamativos, en Wordans encontrar\u00e1s una amplia gama de <a href=\"https:\/\/www.wordans.es\/blank-apparel-accessories-c37029\/designs-s43533\">camisetas y camisetas sin mangas<\/a>, para hombres, mujeres y ni\u00f1os.<\/p>\n<p>&nbsp;<\/p>\n<p>&nbsp;<\/p>\n<p>Hemos seleccionado especialmente algunas piezas imprescindibles para este verano, como nuestras nuevas camisetas impresas con dise\u00f1os modernos y originales.<\/p>\n<p>Los tops tambi\u00e9n son muy apreciados durante esta temporada, ya que son ligeros, c\u00f3modos y crean un look informal. Te encantar\u00e1n sus diferentes estilos y colores de moda. Puede encontrar todos nuestros tops en nuestra <a href=\"http:\/\/www.wordans.es\">tienda en l\u00ednea.<\/a><\/p>\n<p>&nbsp;<\/p>\n<p><img loading=\"lazy\" decoding=\"async\" class=\"size-medium wp-image-158 alignright\" src=\"https:\/\/www.wordans.es\/blog\/wp-content\/uploads\/2020\/07\/slim-woman-enjoying-endless-seascape-on-beach-4553362-300x200.jpg\" alt=\"\" width=\"300\" height=\"200\" \/><\/p>\n<p>No hay nada mejor para llevar con una camiseta que unos pantalones cortos. Te encantar\u00e1n los pantalones cortos para mujer <a href=\"https:\/\/www.wordans.es\/sol-s-01697-women-s-shorts-janeiro-432741\/c27520-neon-coral\">Sol&#8217;s 01697<\/a>, con sus colores vibrantes y dise\u00f1o original. Los vestidos ligeros para poner sobre tu traje de ba\u00f1o tambi\u00e9n son imprescindibles en el verano. <a href=\"https:\/\/www.wordans.es\/sol-s-01701-women-s-dress-cocktail-432690\/c2025-caribbean-blue\">Sol&#8217;s 01701<\/a> es perfecto, con su tejido ligero y colores femeninos. Los hombres tambi\u00e9n podr\u00e9is crear un atuendo elegante y casual con los pantalones cortos <a href=\"https:\/\/www.wordans.es\/sol-s-01659-jasper-men-s-chino-shorts-432744\/c5478-poppy-red\">01659<\/a> de Sol.<\/p>\n<p>&nbsp;<\/p>\n<p><img loading=\"lazy\" decoding=\"async\" class=\"size-medium wp-image-155 alignleft\" src=\"https:\/\/www.wordans.es\/blog\/wp-content\/uploads\/2020\/07\/IMG_9323-300x234.jpg\" alt=\"\" width=\"300\" height=\"234\" \/><\/p>\n<p>Para completar tu outfit, las <a href=\"https:\/\/www.wordans.es\/blank-apparel-accessories-c37029\/tote-bag-s22171\">bolsas<\/a> tambi\u00e9n est\u00e1n muy de moda este verano. Son perfectas para llevar todos sus art\u00edculos cuando vayas a la playa o la piscina, por ejemplo. Adem\u00e1s, se pueden personalizar infinitamente y crear un valor agregado para tu look. En Wordans, tenemos la bolsa imprescindible para el verano: el <a href=\"https:\/\/www.wordans.es\/westford-mill-wm101-promo-shoulder-tote-18911\/c224-cranberry\">Westford Mill WM101<\/a>. Con su bajo precio y 41 colores diferentes, no podr\u00e1s comprar solo uno. Tambi\u00e9n es perfecta para usar durante todo el a\u00f1o.<\/p>\n<p>&nbsp;<\/p>\n<p><strong>\u00a0<\/strong><\/p>\n<h5 style=\"text-align: center\"><strong>Accesorios imprescindibles para el verano<\/strong><\/h5>\n<p><img loading=\"lazy\" decoding=\"async\" class=\"size-medium wp-image-157 alignright\" src=\"https:\/\/www.wordans.es\/blog\/wp-content\/uploads\/2020\/07\/IMG_9326-300x230.jpg\" alt=\"\" width=\"300\" height=\"230\" \/><\/p>\n<p>El verano tambi\u00e9n es el mejor momento para usar m\u00e1s accesorios. Con las altas temperaturas, los accesorios imprescindibles son las gorras. Ser\u00e1n perfectas para protegerte del sol y darte un toque moderno. En <a href=\"http:\/\/www.wordans.es\">Wordans<\/a>, tenemos muchos tipos diferentes de <a href=\"https:\/\/www.wordans.es\/westford-mill-wm101-promo-shoulder-tote-18911\/c224-cranberry\">gorras<\/a>, desde deportivas hasta casuales. Est\u00e1n disponibles en una amplia gama de colores, por lo que podr\u00e1n satisfacer todas tus necesidades. Y si quieres un estilo a\u00fan m\u00e1s informal, los <a href=\"https:\/\/www.wordans.es\/blank-apparel-accessories-c37029\/straw-hats-s21787\">sombreros de paja<\/a> tambi\u00e9n est\u00e1n muy de moda.<\/p>\n<p>&nbsp;<\/p>\n<p><img loading=\"lazy\" decoding=\"async\" class=\"size-medium wp-image-153 alignleft\" src=\"https:\/\/www.wordans.es\/blog\/wp-content\/uploads\/2020\/07\/houston-max-K82z6_8y_TU-unsplash-300x200.jpg\" alt=\"\" width=\"300\" height=\"200\" \/><\/p>\n<p>Como el verano a menudo significa ir a la playa o a la piscina, la toalla de playa <a href=\"https:\/\/www.wordans.es\/sol-s-89006-beach-towel-lagoon-39538\/c423-fuchsia\">Lagoon 89006<\/a> se convertir\u00e1 en tu mejor amiga. Esta toalla es resistente, suave con su tejido 100% algod\u00f3n y perfectamente absorbente de agua. Est\u00e1 disponible en 6 colores frescos y veraniegos.<\/p>\n<p>&nbsp;<\/p>\n<p>&nbsp;<\/p>\n<p>Ahora ya conoces todos los productos, accesorios y colores que necesitas para estar a la moda durante todo el verano. Para descubrir m\u00e1s productos, te invitamos a visitar nuestra <a href=\"http:\/\/www.wordans.es\">tienda en l\u00ednea<\/a>, donde tambi\u00e9n puedes encontrar los art\u00edculos m\u00e1s populares actuales.<\/p>\n","protected":false},"excerpt":{"rendered":"<p>El verano acaba de comenzar, est\u00e1n llegando los d\u00edas agradables y el calor comienza a sentirse, \u00a0as\u00ed que en esta ocasi\u00f3n, hemos decidido presentaros las \u00faltimas tendencias de la moda de verano. En Wordans, al igual que en Needen, siempre queremos ofrecer productos que est\u00e9n de acuerdo con la moda actual. Por lo tanto, podr\u00e1s [&hellip;]<\/p>\n","protected":false},"author":2,"featured_media":528,"comment_status":"open","ping_status":"open","sticky":false,"template":"","format":"standard","meta":{"_acf_changed":false,"footnotes":""},"categories":[24],"tags":[],"class_list":["post-754","post","type-post","status-publish","format-standard","has-post-thumbnail","hentry","category-moda"],"acf":[],"yoast_head":"<!-- This site is optimized with the Yoast SEO plugin v23.3 - https:\/\/yoast.com\/wordpress\/plugins\/seo\/ -->\n<title>Tendencias de moda de verano | Wordans Espa\u00f1a<\/title>\n<meta name=\"robots\" content=\"noindex, follow\" \/>\n<meta property=\"og:locale\" content=\"es_ES\" \/>\n<meta property=\"og:type\" content=\"article\" \/>\n<meta property=\"og:title\" content=\"Tendencias de moda de verano | Wordans Espa\u00f1a\" \/>\n<meta property=\"og:description\" content=\"El verano acaba de comenzar, est\u00e1n llegando los d\u00edas agradables y el calor comienza a sentirse, \u00a0as\u00ed que en esta ocasi\u00f3n, hemos decidido presentaros las \u00faltimas tendencias de la moda de verano. En Wordans, al igual que en Needen, siempre queremos ofrecer productos que est\u00e9n de acuerdo con la moda actual. Por lo tanto, podr\u00e1s [&hellip;]\" \/>\n<meta property=\"og:url\" content=\"https:\/\/www.wordans.es\/pages\/tendencias-de-moda-de-verano\/\" \/>\n<meta property=\"og:site_name\" content=\"ES - Spanish\" \/>\n<meta property=\"article:published_time\" content=\"2020-07-09T11:04:12+00:00\" \/>\n<meta property=\"article:modified_time\" content=\"2024-08-29T09:32:10+00:00\" \/>\n<meta property=\"og:image\" content=\"https:\/\/www.wordans.es\/pages\/wp-content\/uploads\/1\/2024\/06\/PRODUCT-8.png\" \/>\n\t<meta property=\"og:image:width\" content=\"2560\" \/>\n\t<meta property=\"og:image:height\" content=\"1707\" \/>\n\t<meta property=\"og:image:type\" content=\"image\/jpeg\" \/>\n<meta name=\"author\" content=\"Gabriel Ortiz\" \/>\n<meta name=\"twitter:card\" content=\"summary_large_image\" \/>\n<script type=\"application\/ld+json\" class=\"yoast-schema-graph\">{\"@context\":\"https:\/\/schema.org\",\"@graph\":[{\"@type\":\"Article\",\"@id\":\"https:\/\/www.wordans.es\/pages\/tendencias-de-moda-de-verano\/#article\",\"isPartOf\":{\"@id\":\"https:\/\/www.wordans.es\/pages\/tendencias-de-moda-de-verano\/\"},\"author\":{\"name\":\"Gabriel Ortiz\",\"@id\":\"https:\/\/www.wordans.es\/pages\/#\/schema\/person\/e6879e66e231eb6783000ad3d8f3f018\"},\"headline\":\"Tendencias de moda de verano\",\"datePublished\":\"2020-07-09T11:04:12+00:00\",\"dateModified\":\"2024-08-29T09:32:10+00:00\",\"mainEntityOfPage\":{\"@id\":\"https:\/\/www.wordans.es\/pages\/tendencias-de-moda-de-verano\/\"},\"wordCount\":882,\"commentCount\":0,\"publisher\":{\"@id\":\"https:\/\/www.wordans.es\/pages\/#organization\"},\"image\":{\"@id\":\"https:\/\/www.wordans.es\/pages\/tendencias-de-moda-de-verano\/#primaryimage\"},\"thumbnailUrl\":\"https:\/\/www.wordans.es\/pages\/wp-content\/uploads\/1\/2024\/06\/PRODUCT-8.png\",\"articleSection\":[\"Moda\"],\"inLanguage\":\"es\",\"potentialAction\":[{\"@type\":\"CommentAction\",\"name\":\"Comment\",\"target\":[\"https:\/\/www.wordans.es\/pages\/tendencias-de-moda-de-verano\/#respond\"]}]},{\"@type\":\"WebPage\",\"@id\":\"https:\/\/www.wordans.es\/pages\/tendencias-de-moda-de-verano\/\",\"url\":\"https:\/\/www.wordans.es\/pages\/tendencias-de-moda-de-verano\/\",\"name\":\"Tendencias de moda de verano | Wordans Espa\u00f1a\",\"isPartOf\":{\"@id\":\"https:\/\/www.wordans.es\/pages\/#website\"},\"primaryImageOfPage\":{\"@id\":\"https:\/\/www.wordans.es\/pages\/tendencias-de-moda-de-verano\/#primaryimage\"},\"image\":{\"@id\":\"https:\/\/www.wordans.es\/pages\/tendencias-de-moda-de-verano\/#primaryimage\"},\"thumbnailUrl\":\"https:\/\/www.wordans.es\/pages\/wp-content\/uploads\/1\/2024\/06\/PRODUCT-8.png\",\"datePublished\":\"2020-07-09T11:04:12+00:00\",\"dateModified\":\"2024-08-29T09:32:10+00:00\",\"breadcrumb\":{\"@id\":\"https:\/\/www.wordans.es\/pages\/tendencias-de-moda-de-verano\/#breadcrumb\"},\"inLanguage\":\"es\",\"potentialAction\":[{\"@type\":\"ReadAction\",\"target\":[\"https:\/\/www.wordans.es\/pages\/tendencias-de-moda-de-verano\/\"]}]},{\"@type\":\"ImageObject\",\"inLanguage\":\"es\",\"@id\":\"https:\/\/www.wordans.es\/pages\/tendencias-de-moda-de-verano\/#primaryimage\",\"url\":\"https:\/\/www.wordans.es\/pages\/wp-content\/uploads\/1\/2024\/06\/PRODUCT-8.png\",\"contentUrl\":\"https:\/\/www.wordans.es\/pages\/wp-content\/uploads\/1\/2024\/06\/PRODUCT-8.png\",\"width\":2560,\"height\":1707},{\"@type\":\"BreadcrumbList\",\"@id\":\"https:\/\/www.wordans.es\/pages\/tendencias-de-moda-de-verano\/#breadcrumb\",\"itemListElement\":[{\"@type\":\"ListItem\",\"position\":1,\"name\":\"Portada\",\"item\":\"https:\/\/www.wordans.es\/pages\/\"},{\"@type\":\"ListItem\",\"position\":2,\"name\":\"Tendencias de moda de verano\"}]},{\"@type\":\"WebSite\",\"@id\":\"https:\/\/www.wordans.es\/pages\/#website\",\"url\":\"https:\/\/www.wordans.es\/pages\/\",\"name\":\"Wordans Espa\u00f1a\",\"description\":\"\",\"publisher\":{\"@id\":\"https:\/\/www.wordans.es\/pages\/#organization\"},\"potentialAction\":[{\"@type\":\"SearchAction\",\"target\":{\"@type\":\"EntryPoint\",\"urlTemplate\":\"https:\/\/www.wordans.es\/pages\/?s={search_term_string}\"},\"query-input\":\"required name=search_term_string\"}],\"inLanguage\":\"es\"},{\"@type\":\"Organization\",\"@id\":\"https:\/\/www.wordans.es\/pages\/#organization\",\"name\":\"Wordans Espa\u00f1a\",\"url\":\"https:\/\/www.wordans.es\/pages\/\",\"logo\":{\"@type\":\"ImageObject\",\"inLanguage\":\"es\",\"@id\":\"https:\/\/www.wordans.es\/pages\/#\/schema\/logo\/image\/\",\"url\":\"https:\/\/www.wordans.es\/pages\/wp-content\/uploads\/1\/2024\/05\/wordans-logo-completo.png\",\"contentUrl\":\"https:\/\/www.wordans.es\/pages\/wp-content\/uploads\/1\/2024\/05\/wordans-logo-completo.png\",\"caption\":\"Wordans Espa\u00f1a\"},\"image\":{\"@id\":\"https:\/\/www.wordans.es\/pages\/#\/schema\/logo\/image\/\"}},{\"@type\":\"Person\",\"@id\":\"https:\/\/www.wordans.es\/pages\/#\/schema\/person\/e6879e66e231eb6783000ad3d8f3f018\",\"name\":\"Gabriel Ortiz\",\"image\":{\"@type\":\"ImageObject\",\"inLanguage\":\"es\",\"@id\":\"https:\/\/www.wordans.es\/pages\/#\/schema\/person\/image\/\",\"url\":\"https:\/\/secure.gravatar.com\/avatar\/4a23cf6576968009065a79311163e02e1b8a56780ba9a386cfb6c2d15886b464?s=96&d=mm&r=g\",\"contentUrl\":\"https:\/\/secure.gravatar.com\/avatar\/4a23cf6576968009065a79311163e02e1b8a56780ba9a386cfb6c2d15886b464?s=96&d=mm&r=g\",\"caption\":\"Gabriel Ortiz\"}}]}<\/script>\n<!-- \/ Yoast SEO plugin. -->","yoast_head_json":{"title":"Tendencias de moda de verano | Wordans Espa\u00f1a","robots":{"index":"noindex","follow":"follow"},"og_locale":"es_ES","og_type":"article","og_title":"Tendencias de moda de verano | Wordans Espa\u00f1a","og_description":"El verano acaba de comenzar, est\u00e1n llegando los d\u00edas agradables y el calor comienza a sentirse, \u00a0as\u00ed que en esta ocasi\u00f3n, hemos decidido presentaros las \u00faltimas tendencias de la moda de verano. En Wordans, al igual que en Needen, siempre queremos ofrecer productos que est\u00e9n de acuerdo con la moda actual. Por lo tanto, podr\u00e1s [&hellip;]","og_url":"https:\/\/www.wordans.es\/pages\/tendencias-de-moda-de-verano\/","og_site_name":"ES - Spanish","article_published_time":"2020-07-09T11:04:12+00:00","article_modified_time":"2024-08-29T09:32:10+00:00","og_image":[{"width":2560,"height":1707,"url":"https:\/\/www.wordans.es\/pages\/wp-content\/uploads\/1\/2024\/06\/PRODUCT-8.png","type":"image\/jpeg"}],"author":"Gabriel Ortiz","twitter_card":"summary_large_image","schema":{"@context":"https:\/\/schema.org","@graph":[{"@type":"Article","@id":"https:\/\/www.wordans.es\/pages\/tendencias-de-moda-de-verano\/#article","isPartOf":{"@id":"https:\/\/www.wordans.es\/pages\/tendencias-de-moda-de-verano\/"},"author":{"name":"Gabriel Ortiz","@id":"https:\/\/www.wordans.es\/pages\/#\/schema\/person\/e6879e66e231eb6783000ad3d8f3f018"},"headline":"Tendencias de moda de verano","datePublished":"2020-07-09T11:04:12+00:00","dateModified":"2024-08-29T09:32:10+00:00","mainEntityOfPage":{"@id":"https:\/\/www.wordans.es\/pages\/tendencias-de-moda-de-verano\/"},"wordCount":882,"commentCount":0,"publisher":{"@id":"https:\/\/www.wordans.es\/pages\/#organization"},"image":{"@id":"https:\/\/www.wordans.es\/pages\/tendencias-de-moda-de-verano\/#primaryimage"},"thumbnailUrl":"https:\/\/www.wordans.es\/pages\/wp-content\/uploads\/1\/2024\/06\/PRODUCT-8.png","articleSection":["Moda"],"inLanguage":"es","potentialAction":[{"@type":"CommentAction","name":"Comment","target":["https:\/\/www.wordans.es\/pages\/tendencias-de-moda-de-verano\/#respond"]}]},{"@type":"WebPage","@id":"https:\/\/www.wordans.es\/pages\/tendencias-de-moda-de-verano\/","url":"https:\/\/www.wordans.es\/pages\/tendencias-de-moda-de-verano\/","name":"Tendencias de moda de verano | Wordans Espa\u00f1a","isPartOf":{"@id":"https:\/\/www.wordans.es\/pages\/#website"},"primaryImageOfPage":{"@id":"https:\/\/www.wordans.es\/pages\/tendencias-de-moda-de-verano\/#primaryimage"},"image":{"@id":"https:\/\/www.wordans.es\/pages\/tendencias-de-moda-de-verano\/#primaryimage"},"thumbnailUrl":"https:\/\/www.wordans.es\/pages\/wp-content\/uploads\/1\/2024\/06\/PRODUCT-8.png","datePublished":"2020-07-09T11:04:12+00:00","dateModified":"2024-08-29T09:32:10+00:00","breadcrumb":{"@id":"https:\/\/www.wordans.es\/pages\/tendencias-de-moda-de-verano\/#breadcrumb"},"inLanguage":"es","potentialAction":[{"@type":"ReadAction","target":["https:\/\/www.wordans.es\/pages\/tendencias-de-moda-de-verano\/"]}]},{"@type":"ImageObject","inLanguage":"es","@id":"https:\/\/www.wordans.es\/pages\/tendencias-de-moda-de-verano\/#primaryimage","url":"https:\/\/www.wordans.es\/pages\/wp-content\/uploads\/1\/2024\/06\/PRODUCT-8.png","contentUrl":"https:\/\/www.wordans.es\/pages\/wp-content\/uploads\/1\/2024\/06\/PRODUCT-8.png","width":2560,"height":1707},{"@type":"BreadcrumbList","@id":"https:\/\/www.wordans.es\/pages\/tendencias-de-moda-de-verano\/#breadcrumb","itemListElement":[{"@type":"ListItem","position":1,"name":"Portada","item":"https:\/\/www.wordans.es\/pages\/"},{"@type":"ListItem","position":2,"name":"Tendencias de moda de verano"}]},{"@type":"WebSite","@id":"https:\/\/www.wordans.es\/pages\/#website","url":"https:\/\/www.wordans.es\/pages\/","name":"Wordans Espa\u00f1a","description":"","publisher":{"@id":"https:\/\/www.wordans.es\/pages\/#organization"},"potentialAction":[{"@type":"SearchAction","target":{"@type":"EntryPoint","urlTemplate":"https:\/\/www.wordans.es\/pages\/?s={search_term_string}"},"query-input":"required name=search_term_string"}],"inLanguage":"es"},{"@type":"Organization","@id":"https:\/\/www.wordans.es\/pages\/#organization","name":"Wordans Espa\u00f1a","url":"https:\/\/www.wordans.es\/pages\/","logo":{"@type":"ImageObject","inLanguage":"es","@id":"https:\/\/www.wordans.es\/pages\/#\/schema\/logo\/image\/","url":"https:\/\/www.wordans.es\/pages\/wp-content\/uploads\/1\/2024\/05\/wordans-logo-completo.png","contentUrl":"https:\/\/www.wordans.es\/pages\/wp-content\/uploads\/1\/2024\/05\/wordans-logo-completo.png","caption":"Wordans Espa\u00f1a"},"image":{"@id":"https:\/\/www.wordans.es\/pages\/#\/schema\/logo\/image\/"}},{"@type":"Person","@id":"https:\/\/www.wordans.es\/pages\/#\/schema\/person\/e6879e66e231eb6783000ad3d8f3f018","name":"Gabriel Ortiz","image":{"@type":"ImageObject","inLanguage":"es","@id":"https:\/\/www.wordans.es\/pages\/#\/schema\/person\/image\/","url":"https:\/\/secure.gravatar.com\/avatar\/4a23cf6576968009065a79311163e02e1b8a56780ba9a386cfb6c2d15886b464?s=96&d=mm&r=g","contentUrl":"https:\/\/secure.gravatar.com\/avatar\/4a23cf6576968009065a79311163e02e1b8a56780ba9a386cfb6c2d15886b464?s=96&d=mm&r=g","caption":"Gabriel Ortiz"}}]}},"_links":{"self":[{"href":"https:\/\/www.wordans.es\/pages\/wp-json\/wp\/v2\/posts\/754","targetHints":{"allow":["GET"]}}],"collection":[{"href":"https:\/\/www.wordans.es\/pages\/wp-json\/wp\/v2\/posts"}],"about":[{"href":"https:\/\/www.wordans.es\/pages\/wp-json\/wp\/v2\/types\/post"}],"author":[{"embeddable":true,"href":"https:\/\/www.wordans.es\/pages\/wp-json\/wp\/v2\/users\/2"}],"replies":[{"embeddable":true,"href":"https:\/\/www.wordans.es\/pages\/wp-json\/wp\/v2\/comments?post=754"}],"version-history":[{"count":1,"href":"https:\/\/www.wordans.es\/pages\/wp-json\/wp\/v2\/posts\/754\/revisions"}],"predecessor-version":[{"id":818,"href":"https:\/\/www.wordans.es\/pages\/wp-json\/wp\/v2\/posts\/754\/revisions\/818"}],"wp:featuredmedia":[{"embeddable":true,"href":"https:\/\/www.wordans.es\/pages\/wp-json\/wp\/v2\/media\/528"}],"wp:attachment":[{"href":"https:\/\/www.wordans.es\/pages\/wp-json\/wp\/v2\/media?parent=754"}],"wp:term":[{"taxonomy":"category","embeddable":true,"href":"https:\/\/www.wordans.es\/pages\/wp-json\/wp\/v2\/categories?post=754"},{"taxonomy":"post_tag","embeddable":true,"href":"https:\/\/www.wordans.es\/pages\/wp-json\/wp\/v2\/tags?post=754"}],"curies":[{"name":"wp","href":"https:\/\/api.w.org\/{rel}","templated":true}]}}