{"id":6,"date":"2019-05-07T13:12:05","date_gmt":"2019-05-07T13:12:05","guid":{"rendered":"https:\/\/www.wordans.es\/blog\/?p=6"},"modified":"2024-08-29T09:32:10","modified_gmt":"2024-08-29T09:32:10","slug":"basicos-imprescindibles-en-tu-armario-tendencias-2019","status":"publish","type":"post","link":"https:\/\/www.wordans.es\/pages\/basicos-imprescindibles-en-tu-armario-tendencias-2019\/","title":{"rendered":"B\u00e1sicos imprescindibles en tu armario: Tendencias 2019"},"content":{"rendered":"\n<div id=\":fw.hw\" class=\"fkp8p\">\n<div id=\":gj.mw\" class=\"tk TmwRj pj GjkoZd\">\n<div id=\":gj.ma\" class=\"Tn\">\n<div class=\"KL\">\n<div class=\"PD IF\">\n<div id=\":gj.co\" class=\"JL\">\n<h1 data-tooltip=\"26 de abril de 2019, 16:36:20 UTC+2\"><strong><span id=\":gn.co\" class=\"tL8wMe EMoHub\" dir=\"ltr\">Los colores de moda sobre la pasarela de Paris de este a\u00f1o<\/span><\/strong><\/h1>\n<div id=\":gl.ma\" class=\"Mu SP\" data-tooltip=\"26 de abril de 2019, 16:36:20 UTC+2\"><span class=\"tL8wMe EMoHub\" dir=\"ltr\"><span class=\"tL8wMe EMoHub\" dir=\"ltr\">En Wordans nos encanta estar al d\u00eda en cuanto a moda se refiere. Las ultimas noticias sobre los looks m\u00e1s buscados y m\u00e1s llevados. Para todo ello, hemos realizado un estudio sobre las <strong>tendencias de este a\u00f1o<\/strong>, y sobre todo <span style=\"color: #ff6600\">\u00bfque colores son las que se van a llevar? <\/span>As\u00ed que all\u00e1 vamos&#8230;\u00a0<br \/><br \/>Estamos seguro de que los colores var\u00edan seg\u00fan el equipo de expertos y su visi\u00f3n personal del mundo. Adem\u00e1s, cada dise\u00f1ador es \u00fanico y algunas perspectivas son m\u00e1s acertadas que otras. Por lo tanto, dir\u00edamos que ejercen una influencia mucho mayor en el p\u00fablico que cualquier otra persona. Las referentes en el sector, a la hora de establecer los colores, son: Pantone, Peclers Paris y The Color Community, entre otras.<\/span><\/span><\/div>\n<div data-tooltip=\"26 de abril de 2019, 16:36:20 UTC+2\">\u00a0<\/div>\n<div class=\"Mu SP\" data-tooltip=\"26 de abril de 2019, 16:36:20 UTC+2\">\n<figure id=\"attachment_25\" aria-describedby=\"caption-attachment-25\" style=\"width: 250px\" class=\"wp-caption aligncenter\"><a href=\"https:\/\/www.pinterest.es\/pin\/473652085808036656\/\"><img fetchpriority=\"high\" decoding=\"async\" class=\"wp-image-25 size-medium\" src=\"https:\/\/www.wordans.es\/blog\/wp-content\/uploads\/2019\/05\/pantone-1-250x300.jpg\" alt=\"Pantone 2019 Color Palettes\" width=\"250\" height=\"300\" \/><\/a><figcaption id=\"caption-attachment-25\" class=\"wp-caption-text\">Paleta de Colores Pantone 2019<\/figcaption><\/figure>\n<\/div>\n<div class=\"Mu SP\" data-tooltip=\"26 de abril de 2019, 16:36:20 UTC+2\"><span id=\":gl.co\" class=\"tL8wMe EMoHub\" dir=\"ltr\">La primera, Pantone, es una empresa estadounidense, que desde el a\u00f1o 2000 ha publicado el color que estar\u00e1 de moda durante toda la temporada. Eso ha generado una consecuencia directa en industrias como la de la moda. Tambi\u00e9n tiene mucha influencia en el sector de la decoraci\u00f3n y de las artes graficas. La gama de colores que estar\u00e1 muy presente este a\u00f1o 2019 se llama: <em>New Native<\/em>. Est\u00e1 inspirada en las culturas sudamericanas, las tribus de los indios americanos y los trajes t\u00edpicos mexicanos. Las tonalidades m\u00e1s representativas ser\u00e1n naturales o colores tierra.\u00a0\u00a0<\/span><\/div>\n<blockquote>\n<div data-tooltip=\"26 de abril de 2019, 16:36:20 UTC+2\">\n<figure id=\"attachment_26\" aria-describedby=\"caption-attachment-26\" style=\"width: 564px\" class=\"wp-caption aligncenter\"><a href=\"https:\/\/www.pinterest.es\/pin\/381469030936768408\/\"><img decoding=\"async\" class=\"wp-image-26 size-full\" src=\"https:\/\/www.wordans.es\/blog\/wp-content\/uploads\/2019\/05\/Pecler-Paris.jpg\" alt=\"Pecler Paris 2019\" width=\"564\" height=\"353\" \/><\/a><figcaption id=\"caption-attachment-26\" class=\"wp-caption-text\">Paleta de Colores Pecler Paris 2019<\/figcaption><\/figure>\n<\/div>\n<\/blockquote>\n<\/div>\n<\/div>\n<\/div>\n<\/div>\n<\/div>\n<div id=\":gj.mw\" class=\"tk TmwRj pj GjkoZd\">\n<div id=\":gj.ma\" class=\"Tn\">\n<div class=\"KL\">\n<div class=\"PD IF\">\n<div data-tooltip=\"26 de abril de 2019, 16:36:20 UTC+2\">Con m\u00e1s de 40 a\u00f1os de historia en la industria de la moda, <strong>Peclers Paris <\/strong>es la agencia l\u00edder en tendencias, estilo e innovaci\u00f3n. Sobre todo, queremos que sepas un dato muy importante: ellos crean libros que se establecen como bases para las empresas del sector. Aportando un <span style=\"color: #333333\"><strong>toque de frescura en tonos suaves y neutros<\/strong><\/span>, crearon la paleta crom\u00e1tica denominada <em>Grace.<\/em> Tambi\u00e9n tenemos presentes los <strong>tonos tierras, anaranjados y azules.<\/strong> Aunque, adem\u00e1s de ello, incluye b\u00e1sicos como el rosa chicle, el nude, azules ceniza y marrones c\u00e1lidos.<\/div>\n<div data-tooltip=\"26 de abril de 2019, 16:36:20 UTC+2\">\u00a0<\/div>\n<blockquote>\n<div class=\"Mu SP\" data-tooltip=\"26 de abril de 2019, 16:36:20 UTC+2\">\n<figure id=\"attachment_28\" aria-describedby=\"caption-attachment-28\" style=\"width: 300px\" class=\"wp-caption aligncenter\"><a href=\"https:\/\/www.pinterest.es\/pin\/587156870144035754\/\"><img decoding=\"async\" class=\"wp-image-28 size-medium\" src=\"https:\/\/www.wordans.es\/blog\/wp-content\/uploads\/2019\/05\/The-Color-Community-300x234.jpg\" alt=\"\" width=\"300\" height=\"234\" \/><\/a><figcaption id=\"caption-attachment-28\" class=\"wp-caption-text\">The Color Community<\/figcaption><\/figure>\n<\/div>\n<div data-tooltip=\"26 de abril de 2019, 16:36:20 UTC+2\">\u00a0<\/div>\n<\/blockquote>\n<div class=\"Mu SP\" data-tooltip=\"26 de abril de 2019, 16:36:20 UTC+2\"><strong><span id=\":gl.co\" class=\"tL8wMe EMoHub\" dir=\"ltr\">The Color Community: <\/span><\/strong><span id=\":gl.co\" class=\"tL8wMe EMoHub\" dir=\"ltr\">un grupo de profesionales <\/span>que trabajan las tendencias y sus connotaciones en funci\u00f3n del factor temporal y socio cultural. Sobre todo, no pierden la visi\u00f3n de mercado y sus aplicaciones finales. Cultura, folk y artesan\u00eda se mezclan con exquisito oficio para re-proponer nuevos caminos: <strong>New Adresses, Blur, Me, Anymore &amp; Sun-Risa.<\/strong><\/div>\n<div data-tooltip=\"26 de abril de 2019, 16:36:20 UTC+2\">\u00a0<\/div>\n<div class=\"Mu SP\" data-tooltip=\"26 de abril de 2019, 16:36:20 UTC+2\"><span id=\":gl.co\" class=\"tL8wMe EMoHub\" dir=\"ltr\">Empezamos por el <strong>eterno blanco<\/strong> que nunca pasa de moda y pasamos por los <strong>colores pastel<\/strong> que ser\u00e1n el punto fuerte de esta temporada, pero sin dejarnos <strong>corales, verde oliva o amarillo pastel<\/strong>. Si no has estado en la pasarela primavera &#8211; verano de Paris de este a\u00f1o, nosotros te lo contamos todo.\u00a0<\/span><\/div>\n<div data-tooltip=\"26 de abril de 2019, 16:36:20 UTC+2\">\u00a0<\/div>\n<div class=\"Mu SP\" data-tooltip=\"26 de abril de 2019, 16:36:20 UTC+2\">\n<figure id=\"attachment_21\" aria-describedby=\"caption-attachment-21\" style=\"width: 564px\" class=\"wp-caption aligncenter\"><a href=\"https:\/\/www.lanacion.com.ar\/lifestyle\/gangas-color-pastel-nid1822430\"><img loading=\"lazy\" decoding=\"async\" class=\"wp-image-21 size-full\" title=\"tendencia de moda 2019\" src=\"https:\/\/www.wordans.es\/blog\/wp-content\/uploads\/2019\/05\/revista-hola.jpg\" alt=\"moda 2019\" width=\"564\" height=\"376\" srcset=\"https:\/\/www.wordans.es\/pages\/wp-content\/uploads\/2\/2019\/05\/revista-hola.jpg 564w, https:\/\/www.wordans.es\/pages\/wp-content\/uploads\/2\/2019\/05\/revista-hola-300x200.jpg 300w\" sizes=\"(max-width: 564px) 100vw, 564px\" \/><\/a><figcaption id=\"caption-attachment-21\" class=\"wp-caption-text\">Tendencias 2019<\/figcaption><\/figure>\n<span id=\":gl.co\" class=\"tL8wMe EMoHub\" dir=\"ltr\">Uno de los colores m\u00e1s aclamados y bonitos, ha sido el color mostaza o Mango Mojito. Outfits estampados o lisos, lo ver\u00e1s en todas partes. El dise\u00f1ador de ropa Joseph Altuzarra ha lucido su mejore colecci\u00f3n basada en estos colores. \u00a0Y como bien sabemos, llega la \u00e9poca de calor y de buenas vibraciones: la \u00e9poca por excelencia de los colores c\u00e1lidos, anaranjados. Y este a\u00f1o, estos colores est\u00e1n representados por Turmeric, una tonalidad de color naranja y Pressed Rose, una tonalidad de rosa pastel, ideal para los m\u00e1s rom\u00e1nticos.<br \/><\/span><\/div>\n<div data-tooltip=\"26 de abril de 2019, 16:36:20 UTC+2\">\u00a0<\/div>\n<div class=\"Mu SP\" data-tooltip=\"26 de abril de 2019, 16:36:20 UTC+2\">\n<div id='gallery-1' class='gallery galleryid-6 gallery-columns-2 gallery-size-medium'><figure class='gallery-item'>\n\t\t\t<div class='gallery-icon portrait'>\n\t\t\t\t<a href='https:\/\/www.wordans.es\/pages\/color-mostaza-mujer\/'>color mostaza mujer<\/a>\n\t\t\t<\/div>\n\t\t\t\t<figcaption class='wp-caption-text gallery-caption' id='gallery-1-23'>\n\t\t\t\tVestido color mostaza\n\t\t\t\t<\/figcaption><\/figure>\n\t\t<\/div>\n\n<h2><span style=\"color: #333333\"><strong><span style=\"font-size: 1.25rem\">Tendencias b\u00e1sicas que nunca mueren: todo en un solo sitio<\/span><\/strong><\/span><\/h2>\n<\/div>\n<p class=\"Mu SP\" data-tooltip=\"26 de abril de 2019, 16:36:20 UTC+2\"><span id=\":gl.co\" class=\"tL8wMe EMoHub\" dir=\"ltr\"><br \/>En Wordans disponemos de todos estos colores de tendencia reflejados en nuestra marca estrella: Sol&#8217;s. Una nueva apuesta con m\u00e1s de 30 a\u00f1os de dise\u00f1o en el mundo e la moda.<em> \u00a1Descubre el catalogo de este a\u00f1o y sum\u00e9rgete en el universo de la <a href=\"https:\/\/www.wordans.es\/sol-s-b17768\">Colecci\u00f3n SOL&#8217;s<\/a>!<\/em><\/span><\/p>\n<ul>\n<li>Para la <strong>primavera &#8211; verano<\/strong>, uno de los productos estrella es, por supuesto, la famosa <strong>camiseta b\u00e1sica<\/strong>. Es una prenda ideal cuando el clima es agradable y c\u00e1lido, por lo que nos esforzamos continuamente por mejorar nuestra oferta de camisetas. Todos los art\u00edculos de Sol&#8217;s est\u00e1n dise\u00f1ados para personalizar y para ofrecer im\u00e1genes de alta calidad. A continuaci\u00f3n, puedes ver el resultado que queda despu\u00e9s de personalizar una de nuestras camisetas de Sol&#8217;s:<\/li>\n<\/ul>\n<div>\n<figure id=\"attachment_33\" aria-describedby=\"caption-attachment-33\" style=\"width: 200px\" class=\"wp-caption aligncenter\"><a href=\"https:\/\/www.wordans.es\/sol-s-01699-mia-432792\"><img loading=\"lazy\" decoding=\"async\" class=\"wp-image-33 size-medium\" src=\"https:\/\/www.wordans.es\/blog\/wp-content\/uploads\/2019\/05\/Sols-01699-Mia-200x300.jpg\" alt=\"camiseta Sol's\" width=\"200\" height=\"300\" srcset=\"https:\/\/www.wordans.es\/pages\/wp-content\/uploads\/2\/2019\/05\/Sols-01699-Mia-200x300.jpg 200w, https:\/\/www.wordans.es\/pages\/wp-content\/uploads\/2\/2019\/05\/Sols-01699-Mia.jpg 667w\" sizes=\"(max-width: 200px) 100vw, 200px\" \/><\/a><figcaption id=\"caption-attachment-33\" class=\"wp-caption-text\">Camiseta Manga Corta Sol&#8217;s<\/figcaption><\/figure>\n<p>&nbsp;<\/p>\n<\/div>\n<ul>\n<li>\u00a0Otras prendas que son imprescindibles para los d\u00edas soleados y los d\u00edas festivos, los <strong><a href=\"https:\/\/www.wordans.es\/ropa-basica-complementos-c37029\/vestidos-s2735\">vestidos<\/a> ligeros<\/strong>, las <a href=\"https:\/\/www.wordans.es\/ropa-basica-complementos-c37029\/sin-mangas-s21951\"><strong>camisetas sin mangas<\/strong><\/a> y los <a href=\"https:\/\/www.wordans.es\/ropa-basica-complementos-c37029\/pantalones-largos-cortos-s2731\"><strong>shorts<\/strong><\/a>, que siempre est\u00e1n en demanda. La ropa ligera, c\u00f3moda y casual es ideal para aprovechar al m\u00e1ximo el sol. Para ir a la playa o descansar en la terraza, estos productos son perfectos y te ayudar\u00e1n a soportar altas temperaturas. Aqu\u00ed puedes ver algunos ejemplos de los nuevos productos que est\u00e1s ya disponibles en nuestra <a href=\"https:\/\/www.wordans.es\/\">tienda online<\/a>:\u00a0<\/li>\n<\/ul>\n<div>\n<div id='gallery-2' class='gallery galleryid-6 gallery-columns-3 gallery-size-medium'><figure class='gallery-item'>\n\t\t\t<div class='gallery-icon portrait'>\n\t\t\t\t<a href='https:\/\/www.wordans.es\/pages\/sols-01701-cocktail\/'>Sol's 01701 - Cocktail<\/a>\n\t\t\t<\/div>\n\t\t\t\t<figcaption class='wp-caption-text gallery-caption' id='gallery-2-38'>\n\t\t\t\tVestido Cocktail\n\t\t\t\t<\/figcaption><\/figure><figure class='gallery-item'>\n\t\t\t<div class='gallery-icon portrait'>\n\t\t\t\t<a href='https:\/\/www.wordans.es\/pages\/top-unisexe-01223\/'>TOP UNISEXE 01223<\/a>\n\t\t\t<\/div>\n\t\t\t\t<figcaption class='wp-caption-text gallery-caption' id='gallery-2-37'>\n\t\t\t\ttop unisex Sol\u00b4s\n\t\t\t\t<\/figcaption><\/figure>\n\t\t<\/div>\n\n<\/div>\n<div>\u00a0<\/div>\n<div>\u00a0<\/div>\n<div>\u00a0<\/div>\n<p>Quien dice vacaciones y sol tambi\u00e9n dice playa y arena fina. Es por eso que ofrecemos una nueva <strong>toalla de playa<\/strong> <a href=\"https:\/\/www.wordans.es\/sol-s-89006-lagoon-39538\" target=\"_blank\" rel=\"noopener noreferrer\"><strong>LAGOON 89006<\/strong><\/a>: <strong>resistente<\/strong>, <strong>gruesa<\/strong>, <strong>absorbente<\/strong> y <strong>disponible en varios colores<\/strong>, esta toalla de playa 100% algod\u00f3n tiene un gramaje de 400 g\/m\u00b2 y una dimensi\u00f3n de 100x160cm. Sin duda ser\u00e1 el aliado perfecto para las tardes en la playa, con la familia o amigos.<\/p>\n<figure id=\"attachment_573\" aria-describedby=\"caption-attachment-573\" style=\"width: 469px\" class=\"wp-caption aligncenter\"><img loading=\"lazy\" decoding=\"async\" class=\"wp-image-573\" src=\"https:\/\/www.wordans.fr\/blog\/wp-content\/uploads\/2019\/04\/Drap-de-plage-Lagoon-89006-1024x655.jpg\" alt=\"\" width=\"469\" height=\"300\" \/><figcaption id=\"caption-attachment-573\" class=\"wp-caption-text\">Toalla de Playa LAGOON 89006<\/figcaption><\/figure>\n<ul>\n<li>Tambi\u00e9n indispensable cuando el sol est\u00e1 all\u00ed, la <strong>gorra<\/strong> es un accesorio apreciado, as\u00ed como por la protecci\u00f3n que brinda en cuanto a su dise\u00f1o y estilo. Es por eso que hemos adquirido muchos modelos de <strong>gorras modernas y en tendencia<\/strong>, para renovar nuestra colecci\u00f3n. Aqu\u00ed hay algunos ejemplos de las gorras Sol\u00b4s que se acaban de unir a nuestro cat\u00e1logo:<\/li>\n<\/ul>\n<div>\n<div id='gallery-3' class='gallery galleryid-6 gallery-columns-3 gallery-size-large'><figure class='gallery-item'>\n\t\t\t<div class='gallery-icon portrait'>\n\t\t\t\t<a href='https:\/\/www.wordans.es\/pages\/sols-01688-gorra-dodge\/'>Sol's 01688 - Gorra Dodge<\/a>\n\t\t\t<\/div>\n\t\t\t\t<figcaption class='wp-caption-text gallery-caption' id='gallery-3-41'>\n\t\t\t\tGorra Dodge\n\t\t\t\t<\/figcaption><\/figure><figure class='gallery-item'>\n\t\t\t<div class='gallery-icon portrait'>\n\t\t\t\t<a href='https:\/\/www.wordans.es\/pages\/sols-00594-gorra-long-beach\/'>Sol's 00594 - Gorra LONG BEACH<\/a>\n\t\t\t<\/div>\n\t\t\t\t<figcaption class='wp-caption-text gallery-caption' id='gallery-3-40'>\n\t\t\t\tGorra LONG BEACH\n\t\t\t\t<\/figcaption><\/figure><figure class='gallery-item'>\n\t\t\t<div class='gallery-icon portrait'>\n\t\t\t\t<a href='https:\/\/www.wordans.es\/pages\/sols-88111-gorra-sunny-kids\/'>Sol's 88111 - Gorra SUNNY KIDS<\/a>\n\t\t\t<\/div>\n\t\t\t\t<figcaption class='wp-caption-text gallery-caption' id='gallery-3-39'>\n\t\t\t\tGorra SUNNY KIDS\n\t\t\t\t<\/figcaption><\/figure>\n\t\t<\/div>\n\n<\/div>\n<div>\u00a0<\/div>\n<div>\u00a0<\/div>\n<div class=\"JL\">Si est\u00e1 interesado en estos productos o si desea descubrir el resto de la colecci\u00f3n Sol\u00b4s u otras marcas en nuestro cat\u00e1logo, te invitamos a visitar <a href=\"https:\/\/www.wordans.es\/\">Wordans.es<\/a>. Encontraras todas las referencias y caracter\u00edsticas de nuestros productos para asegurarse de tomar la decisi\u00f3n correcta.<\/div>\n<\/div>\n<\/div>\n<\/div>\n<\/div>\n<\/div>\n","protected":false},"excerpt":{"rendered":"<p>Los colores de moda sobre la pasarela de Paris de este a\u00f1o En Wordans nos encanta estar al d\u00eda en cuanto a moda se refiere. Las ultimas noticias sobre los looks m\u00e1s buscados y m\u00e1s llevados. Para todo ello, hemos realizado un estudio sobre las tendencias de este a\u00f1o, y sobre todo \u00bfque colores son [&hellip;]<\/p>\n","protected":false},"author":2,"featured_media":507,"comment_status":"open","ping_status":"open","sticky":false,"template":"","format":"standard","meta":{"_acf_changed":false,"footnotes":""},"categories":[24],"tags":[],"class_list":["post-6","post","type-post","status-publish","format-standard","has-post-thumbnail","hentry","category-moda"],"acf":[],"yoast_head":"<!-- This site is optimized with the Yoast SEO plugin v23.3 - https:\/\/yoast.com\/wordpress\/plugins\/seo\/ -->\n<title>B\u00e1sicos imprescindibles en tu armario: Tendencias 2019 | Wordans Espa\u00f1a<\/title>\n<meta name=\"description\" content=\"Sabemos que los b\u00e1sicos son unos prescindible en el armario de cada uno de nosotros. Por esta misma raz\u00f3n hemos decidido aconsejarte como combinarlos mejor.\" \/>\n<meta name=\"robots\" content=\"noindex, follow\" \/>\n<meta property=\"og:locale\" content=\"es_ES\" \/>\n<meta property=\"og:type\" content=\"article\" \/>\n<meta property=\"og:title\" content=\"B\u00e1sicos imprescindibles en tu armario: Tendencias 2019 | Wordans Espa\u00f1a\" \/>\n<meta property=\"og:description\" content=\"Sabemos que los b\u00e1sicos son unos prescindible en el armario de cada uno de nosotros. Por esta misma raz\u00f3n hemos decidido aconsejarte como combinarlos mejor.\" \/>\n<meta property=\"og:url\" content=\"https:\/\/www.wordans.es\/pages\/basicos-imprescindibles-en-tu-armario-tendencias-2019\/\" \/>\n<meta property=\"og:site_name\" content=\"ES - Spanish\" \/>\n<meta property=\"article:published_time\" content=\"2019-05-07T13:12:05+00:00\" \/>\n<meta property=\"article:modified_time\" content=\"2024-08-29T09:32:10+00:00\" \/>\n<meta property=\"og:image\" content=\"https:\/\/www.wordans.es\/pages\/wp-content\/uploads\/1\/2024\/06\/EN-flag-fan.png\" \/>\n\t<meta property=\"og:image:width\" content=\"1140\" \/>\n\t<meta property=\"og:image:height\" content=\"370\" \/>\n\t<meta property=\"og:image:type\" content=\"image\/jpeg\" \/>\n<meta name=\"author\" content=\"Gabriel Ortiz\" \/>\n<meta name=\"twitter:card\" content=\"summary_large_image\" \/>\n<script type=\"application\/ld+json\" class=\"yoast-schema-graph\">{\"@context\":\"https:\/\/schema.org\",\"@graph\":[{\"@type\":\"Article\",\"@id\":\"https:\/\/www.wordans.es\/pages\/basicos-imprescindibles-en-tu-armario-tendencias-2019\/#article\",\"isPartOf\":{\"@id\":\"https:\/\/www.wordans.es\/pages\/basicos-imprescindibles-en-tu-armario-tendencias-2019\/\"},\"author\":{\"name\":\"Gabriel Ortiz\",\"@id\":\"https:\/\/www.wordans.es\/pages\/#\/schema\/person\/e6879e66e231eb6783000ad3d8f3f018\"},\"headline\":\"B\u00e1sicos imprescindibles en tu armario: Tendencias 2019\",\"datePublished\":\"2019-05-07T13:12:05+00:00\",\"dateModified\":\"2024-08-29T09:32:10+00:00\",\"mainEntityOfPage\":{\"@id\":\"https:\/\/www.wordans.es\/pages\/basicos-imprescindibles-en-tu-armario-tendencias-2019\/\"},\"wordCount\":1054,\"commentCount\":0,\"publisher\":{\"@id\":\"https:\/\/www.wordans.es\/pages\/#organization\"},\"image\":{\"@id\":\"https:\/\/www.wordans.es\/pages\/basicos-imprescindibles-en-tu-armario-tendencias-2019\/#primaryimage\"},\"thumbnailUrl\":\"https:\/\/www.wordans.es\/pages\/wp-content\/uploads\/1\/2024\/06\/EN-flag-fan.png\",\"articleSection\":[\"Moda\"],\"inLanguage\":\"es\",\"potentialAction\":[{\"@type\":\"CommentAction\",\"name\":\"Comment\",\"target\":[\"https:\/\/www.wordans.es\/pages\/basicos-imprescindibles-en-tu-armario-tendencias-2019\/#respond\"]}]},{\"@type\":\"WebPage\",\"@id\":\"https:\/\/www.wordans.es\/pages\/basicos-imprescindibles-en-tu-armario-tendencias-2019\/\",\"url\":\"https:\/\/www.wordans.es\/pages\/basicos-imprescindibles-en-tu-armario-tendencias-2019\/\",\"name\":\"B\u00e1sicos imprescindibles en tu armario: Tendencias 2019 | Wordans Espa\u00f1a\",\"isPartOf\":{\"@id\":\"https:\/\/www.wordans.es\/pages\/#website\"},\"primaryImageOfPage\":{\"@id\":\"https:\/\/www.wordans.es\/pages\/basicos-imprescindibles-en-tu-armario-tendencias-2019\/#primaryimage\"},\"image\":{\"@id\":\"https:\/\/www.wordans.es\/pages\/basicos-imprescindibles-en-tu-armario-tendencias-2019\/#primaryimage\"},\"thumbnailUrl\":\"https:\/\/www.wordans.es\/pages\/wp-content\/uploads\/1\/2024\/06\/EN-flag-fan.png\",\"datePublished\":\"2019-05-07T13:12:05+00:00\",\"dateModified\":\"2024-08-29T09:32:10+00:00\",\"description\":\"Sabemos que los b\u00e1sicos son unos prescindible en el armario de cada uno de nosotros. Por esta misma raz\u00f3n hemos decidido aconsejarte como combinarlos mejor.\",\"breadcrumb\":{\"@id\":\"https:\/\/www.wordans.es\/pages\/basicos-imprescindibles-en-tu-armario-tendencias-2019\/#breadcrumb\"},\"inLanguage\":\"es\",\"potentialAction\":[{\"@type\":\"ReadAction\",\"target\":[\"https:\/\/www.wordans.es\/pages\/basicos-imprescindibles-en-tu-armario-tendencias-2019\/\"]}]},{\"@type\":\"ImageObject\",\"inLanguage\":\"es\",\"@id\":\"https:\/\/www.wordans.es\/pages\/basicos-imprescindibles-en-tu-armario-tendencias-2019\/#primaryimage\",\"url\":\"https:\/\/www.wordans.es\/pages\/wp-content\/uploads\/1\/2024\/06\/EN-flag-fan.png\",\"contentUrl\":\"https:\/\/www.wordans.es\/pages\/wp-content\/uploads\/1\/2024\/06\/EN-flag-fan.png\",\"width\":1140,\"height\":370},{\"@type\":\"BreadcrumbList\",\"@id\":\"https:\/\/www.wordans.es\/pages\/basicos-imprescindibles-en-tu-armario-tendencias-2019\/#breadcrumb\",\"itemListElement\":[{\"@type\":\"ListItem\",\"position\":1,\"name\":\"Portada\",\"item\":\"https:\/\/www.wordans.es\/pages\/\"},{\"@type\":\"ListItem\",\"position\":2,\"name\":\"B\u00e1sicos imprescindibles en tu armario: Tendencias 2019\"}]},{\"@type\":\"WebSite\",\"@id\":\"https:\/\/www.wordans.es\/pages\/#website\",\"url\":\"https:\/\/www.wordans.es\/pages\/\",\"name\":\"Wordans Espa\u00f1a\",\"description\":\"\",\"publisher\":{\"@id\":\"https:\/\/www.wordans.es\/pages\/#organization\"},\"potentialAction\":[{\"@type\":\"SearchAction\",\"target\":{\"@type\":\"EntryPoint\",\"urlTemplate\":\"https:\/\/www.wordans.es\/pages\/?s={search_term_string}\"},\"query-input\":\"required name=search_term_string\"}],\"inLanguage\":\"es\"},{\"@type\":\"Organization\",\"@id\":\"https:\/\/www.wordans.es\/pages\/#organization\",\"name\":\"Wordans Espa\u00f1a\",\"url\":\"https:\/\/www.wordans.es\/pages\/\",\"logo\":{\"@type\":\"ImageObject\",\"inLanguage\":\"es\",\"@id\":\"https:\/\/www.wordans.es\/pages\/#\/schema\/logo\/image\/\",\"url\":\"https:\/\/www.wordans.es\/pages\/wp-content\/uploads\/1\/2024\/05\/wordans-logo-completo.png\",\"contentUrl\":\"https:\/\/www.wordans.es\/pages\/wp-content\/uploads\/1\/2024\/05\/wordans-logo-completo.png\",\"caption\":\"Wordans Espa\u00f1a\"},\"image\":{\"@id\":\"https:\/\/www.wordans.es\/pages\/#\/schema\/logo\/image\/\"}},{\"@type\":\"Person\",\"@id\":\"https:\/\/www.wordans.es\/pages\/#\/schema\/person\/e6879e66e231eb6783000ad3d8f3f018\",\"name\":\"Gabriel Ortiz\",\"image\":{\"@type\":\"ImageObject\",\"inLanguage\":\"es\",\"@id\":\"https:\/\/www.wordans.es\/pages\/#\/schema\/person\/image\/\",\"url\":\"https:\/\/secure.gravatar.com\/avatar\/4a23cf6576968009065a79311163e02e1b8a56780ba9a386cfb6c2d15886b464?s=96&d=mm&r=g\",\"contentUrl\":\"https:\/\/secure.gravatar.com\/avatar\/4a23cf6576968009065a79311163e02e1b8a56780ba9a386cfb6c2d15886b464?s=96&d=mm&r=g\",\"caption\":\"Gabriel Ortiz\"}}]}<\/script>\n<!-- \/ Yoast SEO plugin. -->","yoast_head_json":{"title":"B\u00e1sicos imprescindibles en tu armario: Tendencias 2019 | Wordans Espa\u00f1a","description":"Sabemos que los b\u00e1sicos son unos prescindible en el armario de cada uno de nosotros. Por esta misma raz\u00f3n hemos decidido aconsejarte como combinarlos mejor.","robots":{"index":"noindex","follow":"follow"},"og_locale":"es_ES","og_type":"article","og_title":"B\u00e1sicos imprescindibles en tu armario: Tendencias 2019 | Wordans Espa\u00f1a","og_description":"Sabemos que los b\u00e1sicos son unos prescindible en el armario de cada uno de nosotros. Por esta misma raz\u00f3n hemos decidido aconsejarte como combinarlos mejor.","og_url":"https:\/\/www.wordans.es\/pages\/basicos-imprescindibles-en-tu-armario-tendencias-2019\/","og_site_name":"ES - Spanish","article_published_time":"2019-05-07T13:12:05+00:00","article_modified_time":"2024-08-29T09:32:10+00:00","og_image":[{"width":1140,"height":370,"url":"https:\/\/www.wordans.es\/pages\/wp-content\/uploads\/1\/2024\/06\/EN-flag-fan.png","type":"image\/jpeg"}],"author":"Gabriel Ortiz","twitter_card":"summary_large_image","schema":{"@context":"https:\/\/schema.org","@graph":[{"@type":"Article","@id":"https:\/\/www.wordans.es\/pages\/basicos-imprescindibles-en-tu-armario-tendencias-2019\/#article","isPartOf":{"@id":"https:\/\/www.wordans.es\/pages\/basicos-imprescindibles-en-tu-armario-tendencias-2019\/"},"author":{"name":"Gabriel Ortiz","@id":"https:\/\/www.wordans.es\/pages\/#\/schema\/person\/e6879e66e231eb6783000ad3d8f3f018"},"headline":"B\u00e1sicos imprescindibles en tu armario: Tendencias 2019","datePublished":"2019-05-07T13:12:05+00:00","dateModified":"2024-08-29T09:32:10+00:00","mainEntityOfPage":{"@id":"https:\/\/www.wordans.es\/pages\/basicos-imprescindibles-en-tu-armario-tendencias-2019\/"},"wordCount":1054,"commentCount":0,"publisher":{"@id":"https:\/\/www.wordans.es\/pages\/#organization"},"image":{"@id":"https:\/\/www.wordans.es\/pages\/basicos-imprescindibles-en-tu-armario-tendencias-2019\/#primaryimage"},"thumbnailUrl":"https:\/\/www.wordans.es\/pages\/wp-content\/uploads\/1\/2024\/06\/EN-flag-fan.png","articleSection":["Moda"],"inLanguage":"es","potentialAction":[{"@type":"CommentAction","name":"Comment","target":["https:\/\/www.wordans.es\/pages\/basicos-imprescindibles-en-tu-armario-tendencias-2019\/#respond"]}]},{"@type":"WebPage","@id":"https:\/\/www.wordans.es\/pages\/basicos-imprescindibles-en-tu-armario-tendencias-2019\/","url":"https:\/\/www.wordans.es\/pages\/basicos-imprescindibles-en-tu-armario-tendencias-2019\/","name":"B\u00e1sicos imprescindibles en tu armario: Tendencias 2019 | Wordans Espa\u00f1a","isPartOf":{"@id":"https:\/\/www.wordans.es\/pages\/#website"},"primaryImageOfPage":{"@id":"https:\/\/www.wordans.es\/pages\/basicos-imprescindibles-en-tu-armario-tendencias-2019\/#primaryimage"},"image":{"@id":"https:\/\/www.wordans.es\/pages\/basicos-imprescindibles-en-tu-armario-tendencias-2019\/#primaryimage"},"thumbnailUrl":"https:\/\/www.wordans.es\/pages\/wp-content\/uploads\/1\/2024\/06\/EN-flag-fan.png","datePublished":"2019-05-07T13:12:05+00:00","dateModified":"2024-08-29T09:32:10+00:00","description":"Sabemos que los b\u00e1sicos son unos prescindible en el armario de cada uno de nosotros. Por esta misma raz\u00f3n hemos decidido aconsejarte como combinarlos mejor.","breadcrumb":{"@id":"https:\/\/www.wordans.es\/pages\/basicos-imprescindibles-en-tu-armario-tendencias-2019\/#breadcrumb"},"inLanguage":"es","potentialAction":[{"@type":"ReadAction","target":["https:\/\/www.wordans.es\/pages\/basicos-imprescindibles-en-tu-armario-tendencias-2019\/"]}]},{"@type":"ImageObject","inLanguage":"es","@id":"https:\/\/www.wordans.es\/pages\/basicos-imprescindibles-en-tu-armario-tendencias-2019\/#primaryimage","url":"https:\/\/www.wordans.es\/pages\/wp-content\/uploads\/1\/2024\/06\/EN-flag-fan.png","contentUrl":"https:\/\/www.wordans.es\/pages\/wp-content\/uploads\/1\/2024\/06\/EN-flag-fan.png","width":1140,"height":370},{"@type":"BreadcrumbList","@id":"https:\/\/www.wordans.es\/pages\/basicos-imprescindibles-en-tu-armario-tendencias-2019\/#breadcrumb","itemListElement":[{"@type":"ListItem","position":1,"name":"Portada","item":"https:\/\/www.wordans.es\/pages\/"},{"@type":"ListItem","position":2,"name":"B\u00e1sicos imprescindibles en tu armario: Tendencias 2019"}]},{"@type":"WebSite","@id":"https:\/\/www.wordans.es\/pages\/#website","url":"https:\/\/www.wordans.es\/pages\/","name":"Wordans Espa\u00f1a","description":"","publisher":{"@id":"https:\/\/www.wordans.es\/pages\/#organization"},"potentialAction":[{"@type":"SearchAction","target":{"@type":"EntryPoint","urlTemplate":"https:\/\/www.wordans.es\/pages\/?s={search_term_string}"},"query-input":"required name=search_term_string"}],"inLanguage":"es"},{"@type":"Organization","@id":"https:\/\/www.wordans.es\/pages\/#organization","name":"Wordans Espa\u00f1a","url":"https:\/\/www.wordans.es\/pages\/","logo":{"@type":"ImageObject","inLanguage":"es","@id":"https:\/\/www.wordans.es\/pages\/#\/schema\/logo\/image\/","url":"https:\/\/www.wordans.es\/pages\/wp-content\/uploads\/1\/2024\/05\/wordans-logo-completo.png","contentUrl":"https:\/\/www.wordans.es\/pages\/wp-content\/uploads\/1\/2024\/05\/wordans-logo-completo.png","caption":"Wordans Espa\u00f1a"},"image":{"@id":"https:\/\/www.wordans.es\/pages\/#\/schema\/logo\/image\/"}},{"@type":"Person","@id":"https:\/\/www.wordans.es\/pages\/#\/schema\/person\/e6879e66e231eb6783000ad3d8f3f018","name":"Gabriel Ortiz","image":{"@type":"ImageObject","inLanguage":"es","@id":"https:\/\/www.wordans.es\/pages\/#\/schema\/person\/image\/","url":"https:\/\/secure.gravatar.com\/avatar\/4a23cf6576968009065a79311163e02e1b8a56780ba9a386cfb6c2d15886b464?s=96&d=mm&r=g","contentUrl":"https:\/\/secure.gravatar.com\/avatar\/4a23cf6576968009065a79311163e02e1b8a56780ba9a386cfb6c2d15886b464?s=96&d=mm&r=g","caption":"Gabriel Ortiz"}}]}},"_links":{"self":[{"href":"https:\/\/www.wordans.es\/pages\/wp-json\/wp\/v2\/posts\/6","targetHints":{"allow":["GET"]}}],"collection":[{"href":"https:\/\/www.wordans.es\/pages\/wp-json\/wp\/v2\/posts"}],"about":[{"href":"https:\/\/www.wordans.es\/pages\/wp-json\/wp\/v2\/types\/post"}],"author":[{"embeddable":true,"href":"https:\/\/www.wordans.es\/pages\/wp-json\/wp\/v2\/users\/2"}],"replies":[{"embeddable":true,"href":"https:\/\/www.wordans.es\/pages\/wp-json\/wp\/v2\/comments?post=6"}],"version-history":[{"count":1,"href":"https:\/\/www.wordans.es\/pages\/wp-json\/wp\/v2\/posts\/6\/revisions"}],"predecessor-version":[{"id":819,"href":"https:\/\/www.wordans.es\/pages\/wp-json\/wp\/v2\/posts\/6\/revisions\/819"}],"wp:featuredmedia":[{"embeddable":true,"href":"https:\/\/www.wordans.es\/pages\/wp-json\/wp\/v2\/media\/507"}],"wp:attachment":[{"href":"https:\/\/www.wordans.es\/pages\/wp-json\/wp\/v2\/media?parent=6"}],"wp:term":[{"taxonomy":"category","embeddable":true,"href":"https:\/\/www.wordans.es\/pages\/wp-json\/wp\/v2\/categories?post=6"},{"taxonomy":"post_tag","embeddable":true,"href":"https:\/\/www.wordans.es\/pages\/wp-json\/wp\/v2\/tags?post=6"}],"curies":[{"name":"wp","href":"https:\/\/api.w.org\/{rel}","templated":true}]}}